{"id":2657,"date":"2017-06-30T15:18:40","date_gmt":"2017-06-30T14:18:40","guid":{"rendered":"https:\/\/mndsupport.wpengine.com\/faq\/vad-ar-skillnaden-mellan-en-kontaktperson-och-en-presskontakt\/"},"modified":"2026-01-22T13:14:49","modified_gmt":"2026-01-22T13:14:49","slug":"vad-ar-skillnaden-mellan-en-kontaktperson-och-en-presskontakt","status":"publish","type":"post","link":"https:\/\/help.mynewsdesk.com\/sv\/faq\/vad-ar-skillnaden-mellan-en-kontaktperson-och-en-presskontakt\/","title":{"rendered":"Vad \u00e4r en f\u00e4st presskontakt?"},"content":{"rendered":"<p><span style=\"font-weight: 400;\">N\u00e4r du under <strong>Inst\u00e4llningar<\/strong> (kugghjulet) &gt; <b><i>Presskontakter<\/i><\/b>\u00a0skapar eller redigerar en presskontakt och aktiverar<\/span><b><i>\u00a0F\u00e4st presskontakt<\/i><\/b><span style=\"font-weight: 400;\">, kommer den att visas p\u00e5 startsidan av ditt nyhetsrum (ut\u00f6ver visningen p\u00e5 fliken <strong>Kontakt<\/strong>). Den kommer \u00e4ven som standard automatiskt att l\u00e4ggas in under <em>Relaterade presskontakter<\/em> <\/span><span style=\"font-weight: 400;\">i publiceringar du skapar, s\u00e5vida du inte manuellt v\u00e4ljer andra relaterade presskontakter.<\/span><\/p>\n<p><span style=\"font-weight: 400;\">Om du vid ett senare tillf\u00e4lle v\u00e4ljer andra kontakter som f\u00e4st presskontakt, uppdateras dessa b\u00e5de p\u00e5 startsidan av nyhetsrummet, och som relaterade kontakter till dina storyn. Det g\u00e4ller \u00e4ven f\u00f6r storyn som redan har publicerats, f\u00f6rutom om <em>Relaterade presskontakter<\/em> har \u00e4ndrats manuellt vid redigering av en story \u2013 i s\u00e5 fall kommer fortsatt de manuellt valda relaterade kontakterna visas, oberoende av vilka som aktuellt definieras som f\u00e4st(a) presskontakt(er).\u00a0<\/span><\/p>\n<p><span style=\"font-weight: 400;\">Se \u00e4ven:<br \/>\n<a href=\"https:\/\/help.mynewsdesk.com\/sv\/faq\/var-lagger-jag-till-eller-redigerar-en-kontaktperson\/\">Var l\u00e4gger jag till eller redigerar en kontaktperson p\u00e5 mitt publika nyhetsrum?<\/a><br \/>\n<a href=\"https:\/\/help.mynewsdesk.com\/sv\/faq\/uppdatera-material-redan-publicerat\/\">Kan jag uppdatera ett material som redan publicerats?<\/a><\/span><br \/>\n<a href=\"https:\/\/help.mynewsdesk.com\/sv\/how-to\/publish-new-press-release-news-article-blog-post\/\"><span style=\"font-weight: 400;\">Publish a press release, news or blog post<\/span><\/a><\/p>\n","protected":false},"excerpt":{"rendered":"<p>N\u00e4r du under Inst\u00e4llningar (kugghjulet) &gt; Presskontakter\u00a0skapar eller redigerar en presskontakt och aktiverar\u00a0F\u00e4st presskontakt, kommer den att visas p\u00e5 startsidan av ditt nyhetsrum (ut\u00f6ver visningen p\u00e5 fliken Kontakt). Den kommer&#8230;<\/p>\n","protected":false},"author":1,"featured_media":0,"comment_status":"closed","ping_status":"closed","sticky":false,"template":"","format":"standard","meta":{"footnotes":""},"categories":[66],"tags":[],"class_list":{"0":"post-2657","1":"post","2":"type-post","3":"status-publish","4":"format-standard","6":"category-publish-sv"},"_links":{"self":[{"href":"https:\/\/help.mynewsdesk.com\/sv\/wp-json\/wp\/v2\/posts\/2657","targetHints":{"allow":["GET"]}}],"collection":[{"href":"https:\/\/help.mynewsdesk.com\/sv\/wp-json\/wp\/v2\/posts"}],"about":[{"href":"https:\/\/help.mynewsdesk.com\/sv\/wp-json\/wp\/v2\/types\/post"}],"author":[{"embeddable":true,"href":"https:\/\/help.mynewsdesk.com\/sv\/wp-json\/wp\/v2\/users\/1"}],"replies":[{"embeddable":true,"href":"https:\/\/help.mynewsdesk.com\/sv\/wp-json\/wp\/v2\/comments?post=2657"}],"version-history":[{"count":0,"href":"https:\/\/help.mynewsdesk.com\/sv\/wp-json\/wp\/v2\/posts\/2657\/revisions"}],"wp:attachment":[{"href":"https:\/\/help.mynewsdesk.com\/sv\/wp-json\/wp\/v2\/media?parent=2657"}],"wp:term":[{"taxonomy":"category","embeddable":true,"href":"https:\/\/help.mynewsdesk.com\/sv\/wp-json\/wp\/v2\/categories?post=2657"},{"taxonomy":"post_tag","embeddable":true,"href":"https:\/\/help.mynewsdesk.com\/sv\/wp-json\/wp\/v2\/tags?post=2657"}],"curies":[{"name":"wp","href":"https:\/\/api.w.org\/{rel}","templated":true}]}}