{"id":8428,"date":"2024-12-10T11:59:41","date_gmt":"2024-12-10T11:59:41","guid":{"rendered":"https:\/\/help.mynewsdesk.com\/faq\/vem-ar-avsandare-for-det-som-skickas-fran-mynewsdesk\/"},"modified":"2025-09-11T15:18:41","modified_gmt":"2025-09-11T15:18:41","slug":"vem-ar-avsandare-for-det-som-skickas-fran-mynewsdesk","status":"publish","type":"post","link":"https:\/\/help.mynewsdesk.com\/sv\/faq\/vem-ar-avsandare-for-det-som-skickas-fran-mynewsdesk\/","title":{"rendered":"Vem \u00e4r avs\u00e4ndare f\u00f6r det som skickas fr\u00e5n Mynewsdesk?"},"content":{"rendered":"<p>Som <strong>standard avs\u00e4ndare<\/strong> f\u00f6r all e-post som du skickar via Mynewsdesk anv\u00e4nds\u00a0<em><strong><i><b>hello@mynewsdesk.com<\/b><\/i><\/strong><\/em>.<\/p>\n<p>Du kan <strong>\u00e4ndra avs\u00e4ndaradressen<\/strong> och ist\u00e4llet anv\u00e4nda din egen e-post-adress (t.ex. <em>press@company.com<\/em>). Klicka p\u00e5 kugghjulet och v\u00e4lj <i><b>E-postinst\u00e4llningar<\/b><\/i>. F\u00f6r att s\u00e4tta upp en anpassad &#8221;Fr\u00e5n:&#8221;-adress, <a href=\"http:\/\/www.mynewsdesk.com\/docs\/custom_mail_from\" target=\"_blank\" rel=\"noopener\">v\u00e4nligen l\u00e4s de tekniska instruktionerna<\/a> om hur du konfigurerar era DNS-inst\u00e4llningar, s\u00e5 att Mynewsdesk kan skicka fr\u00e5n din e-postdom\u00e4n.<\/p>\n<p>Oavsett om du har satt upp en egen avs\u00e4ndare eller inte, skickas <strong>e-post till f\u00f6ljare<\/strong> vid publicering av en story alltid fr\u00e5n\u00a0<em><strong><i><b>hello@mynewsdesk.com<\/b><\/i><\/strong><\/em>.<br \/>\nDessa kontakter har p\u00e5 egen hand skapat ett anv\u00e4ndarkonto p\u00e5 Mynewsdesk (s\u00e5ledes ocks\u00e5 accepterat\u00a0v\u00e5ra <a href=\"https:\/\/www.mynewsdesk.com\/about\/terms-and-conditions\/terms_and_conditions\">Anv\u00e4ndarvillkor<\/a> och sj\u00e4lva abonnerat e-post fr\u00e5n Mynewsdesk), f\u00f6r att f\u00f6lja ett eller flera nyhetsrum. D\u00e4rmed hanteras de b\u00e5de i ett GDPR perspektiv och i teknisk mening avskilt fr\u00e5n de enskilda nyhetsrummen.<br \/>\nDenna separata hantering \u00e4r ocks\u00e5 en f\u00f6ruts\u00e4ttning f\u00f6r att f\u00f6ljare mejl kan r\u00e4knas bort fr\u00e5n ditt kontingent av <em>e-postkrediter<\/em>, dvs. distribution till f\u00f6ljare f\u00f6rbrukar inga m\u00e5natliga <em>e-postkrediter<\/em>.<\/p>\n<div class=\"sc-efc0aa09-2 kdWNHX\"><\/div>\n[vc_row type=&#8221;in_container&#8221; full_screen_row_position=&#8221;middle&#8221; column_margin=&#8221;default&#8221; column_direction=&#8221;default&#8221; column_direction_tablet=&#8221;default&#8221; column_direction_phone=&#8221;default&#8221; scene_position=&#8221;center&#8221; text_color=&#8221;dark&#8221; text_align=&#8221;left&#8221; row_border_radius=&#8221;none&#8221; row_border_radius_applies=&#8221;bg&#8221; overflow=&#8221;visible&#8221; overlay_strength=&#8221;0.3&#8243; gradient_direction=&#8221;left_to_right&#8221; shape_divider_position=&#8221;bottom&#8221; bg_image_animation=&#8221;none&#8221;][vc_column column_padding=&#8221;no-extra-padding&#8221; column_padding_tablet=&#8221;inherit&#8221; column_padding_phone=&#8221;inherit&#8221; column_padding_position=&#8221;all&#8221; column_element_direction_desktop=&#8221;default&#8221; column_element_spacing=&#8221;default&#8221; desktop_text_alignment=&#8221;default&#8221; tablet_text_alignment=&#8221;default&#8221; phone_text_alignment=&#8221;default&#8221; background_color_opacity=&#8221;1&#8243; background_hover_color_opacity=&#8221;1&#8243; column_backdrop_filter=&#8221;none&#8221; column_shadow=&#8221;none&#8221; column_border_radius=&#8221;none&#8221; column_link_target=&#8221;_self&#8221; column_position=&#8221;default&#8221; gradient_direction=&#8221;left_to_right&#8221; overlay_strength=&#8221;0.3&#8243; width=&#8221;1\/1&#8243; tablet_width_inherit=&#8221;default&#8221; animation_type=&#8221;default&#8221; bg_image_animation=&#8221;none&#8221; border_type=&#8221;simple&#8221; column_border_width=&#8221;none&#8221; column_border_style=&#8221;solid&#8221;][vc_column_text css=&#8221;&#8221; text_direction=&#8221;default&#8221;]<span style=\"color: #ffffff;\">&#8211;<\/span>[\/vc_column_text][\/vc_column][\/vc_row]<span style=\"color: #ffffff;\">&#8211;<\/span><\/p>\n","protected":false},"excerpt":{"rendered":"<p>Som standard avs\u00e4ndare f\u00f6r all e-post som du skickar via Mynewsdesk anv\u00e4nds\u00a0hello@mynewsdesk.com. Du kan \u00e4ndra avs\u00e4ndaradressen och ist\u00e4llet anv\u00e4nda din egen e-post-adress (t.ex. press@company.com). Klicka p\u00e5 kugghjulet och v\u00e4lj E-postinst\u00e4llningar&#8230;.<\/p>\n","protected":false},"author":1,"featured_media":0,"comment_status":"closed","ping_status":"open","sticky":false,"template":"","format":"standard","meta":{"footnotes":""},"categories":[66],"tags":[],"class_list":{"0":"post-8428","1":"post","2":"type-post","3":"status-publish","4":"format-standard","6":"category-publish-sv"},"_links":{"self":[{"href":"https:\/\/help.mynewsdesk.com\/sv\/wp-json\/wp\/v2\/posts\/8428","targetHints":{"allow":["GET"]}}],"collection":[{"href":"https:\/\/help.mynewsdesk.com\/sv\/wp-json\/wp\/v2\/posts"}],"about":[{"href":"https:\/\/help.mynewsdesk.com\/sv\/wp-json\/wp\/v2\/types\/post"}],"author":[{"embeddable":true,"href":"https:\/\/help.mynewsdesk.com\/sv\/wp-json\/wp\/v2\/users\/1"}],"replies":[{"embeddable":true,"href":"https:\/\/help.mynewsdesk.com\/sv\/wp-json\/wp\/v2\/comments?post=8428"}],"version-history":[{"count":0,"href":"https:\/\/help.mynewsdesk.com\/sv\/wp-json\/wp\/v2\/posts\/8428\/revisions"}],"wp:attachment":[{"href":"https:\/\/help.mynewsdesk.com\/sv\/wp-json\/wp\/v2\/media?parent=8428"}],"wp:term":[{"taxonomy":"category","embeddable":true,"href":"https:\/\/help.mynewsdesk.com\/sv\/wp-json\/wp\/v2\/categories?post=8428"},{"taxonomy":"post_tag","embeddable":true,"href":"https:\/\/help.mynewsdesk.com\/sv\/wp-json\/wp\/v2\/tags?post=8428"}],"curies":[{"name":"wp","href":"https:\/\/api.w.org\/{rel}","templated":true}]}}